[{"@context":"https:\/\/schema.org\/","@type":"Article","@id":"https:\/\/www.ostriez.sk\/ako-koronavirus-ovplyvnil-vzdelanie-a-vyucbu\/#Article","mainEntityOfPage":"https:\/\/www.ostriez.sk\/ako-koronavirus-ovplyvnil-vzdelanie-a-vyucbu\/","headline":"Ako koronav\u00edrus ovplyvnil vzdelanie a v\u00fdu\u010dbu?","name":"Ako koronav\u00edrus ovplyvnil vzdelanie a v\u00fdu\u010dbu?","description":"S\u00fa toho pln\u00e9 m\u00e9di\u00e1. Svet zasiahla kr\u00edza. No v\u0161ade sa hovor\u00ed a p\u00ed\u0161e len o tom, ak\u00fd vplyv to m\u00e1 na ekonomiku, financie a podobne. Ale zamyslel sa u\u017e niekto z n\u00e1s nad t\u00fdm, ako to p\u00f4sob\u00ed na v\u00fdu\u010dbu a na deti? U\u017e pred nejak\u00fdm \u010dasom sa zatvorili vysok\u00e9 \u0161koly a taktie\u017e aj stredn\u00e9 a z\u00e1kladn\u00e9, a \u017eiaci nabehli na<div class=\"clearfix\"><\/div> <div class=\"pull-left padding-top-25\"><a href=\"https:\/\/www.ostriez.sk\/ako-koronavirus-ovplyvnil-vzdelanie-a-vyucbu\/\" class=\"btn btn-theme\">Continue reading<span class=\"screen-reader-text\"> \"Ako koronav\u00edrus ovplyvnil vzdelanie a v\u00fdu\u010dbu?\"<\/span> <i class=\"fa fa-fw fa-long-arrow-right\"><\/i> <\/a>  <\/div>","datePublished":"2021-10-26","dateModified":"2021-10-26","author":{"@type":"Person","@id":"https:\/\/www.ostriez.sk\/author\/#Person","name":"","url":"https:\/\/www.ostriez.sk\/author\/","identifier":1,"image":{"@type":"ImageObject","@id":"https:\/\/secure.gravatar.com\/avatar\/390ba47df5874845ef3762ac16ecd0a67f4e30c13cbb7c7ee444ade303aa885b?s=96&d=mm&r=g","url":"https:\/\/secure.gravatar.com\/avatar\/390ba47df5874845ef3762ac16ecd0a67f4e30c13cbb7c7ee444ade303aa885b?s=96&d=mm&r=g","height":96,"width":96}},"publisher":{"@type":"Organization","name":"ostriez.sk","logo":{"@type":"ImageObject","@id":"\/logo.png","url":"\/logo.png","width":600,"height":60}},"image":{"@type":"ImageObject","@id":"https:\/\/www.ostriez.sk\/wp-content\/uploads\/kids-g3cf551902_1280.png","url":"https:\/\/www.ostriez.sk\/wp-content\/uploads\/kids-g3cf551902_1280.png","height":0,"width":0},"url":"https:\/\/www.ostriez.sk\/ako-koronavirus-ovplyvnil-vzdelanie-a-vyucbu\/","about":["Vzdelanie"],"wordCount":441,"articleBody":"S\u00fa toho pln\u00e9 m\u00e9di\u00e1. Svet zasiahla kr\u00edza. No v\u0161ade sa hovor\u00ed a p\u00ed\u0161e len o tom, ak\u00fd vplyv to m\u00e1 na ekonomiku, financie a podobne. Ale zamyslel sa u\u017e niekto z n\u00e1s nad t\u00fdm, ako to p\u00f4sob\u00ed na v\u00fdu\u010dbu a na deti? U\u017e pred nejak\u00fdm \u010dasom sa zatvorili vysok\u00e9 \u0161koly a taktie\u017e aj stredn\u00e9 a z\u00e1kladn\u00e9, a \u017eiaci nabehli na online v\u00fdu\u010dbu. Teraz sa op\u00e4\u0165 ocit\u00e1me v rovnakej situ\u00e1cii.Ur\u010dite m\u00e1 t\u00e1to situ\u00e1cia aj svoje pozit\u00edva. \u0160tudenti nemusia cestova\u0165 do \u0161k\u00f4l, u\u0161etria tak peniaze za dopravu, popr\u00edpade aj za ubytovanie a stravu, a str\u00e1via viacej \u010dasu doma s rodinou. No mysl\u00edm si, \u017ee m\u00f4\u017eeme poveda\u0165, \u017ee negat\u00edva preva\u017euj\u00fa pozit\u00edva. Na za\u010diatku sme si mysleli, \u017ee to bude trva\u0165 len dva t\u00fd\u017edne, no nakoniec boli \u017eiaci doma pribli\u017ene tri\u0161tvrte roka. Prv\u00e9 mesiace sa deti te\u0161ili, \u017ee nemusia r\u00e1no vst\u00e1va\u0165 do \u0161koly a vysoko\u0161kol\u00e1ci zasa mali rados\u0165 z toho, \u017ee nezabij\u00fa dni cestovan\u00edm. Av\u0161ak t\u00e1to sk\u00fasenos\u0165 sa na \u013eu\u010foch negat\u00edvne odrazila.Probl\u00e9m bol hlavne pri mlad\u0161\u00edch de\u0165och. Cel\u00fd de\u0148 museli sedie\u0165 za po\u010d\u00edta\u010dom a nemohli sa osobne vidie\u0165 so svojimi kamar\u00e1tmi. Niektor\u00ed sa, bohu\u017eia\u013e, nezvl\u00e1dali u\u010di\u0165 sami doma a u\u010divo im nemal kto poriadne vysvetli\u0165, tak sa im zhor\u0161il priemer, samozrejme, \u010des\u0165 v\u0161etk\u00fdm v\u00fdnimk\u00e1m. Ale zn\u00e1mky nie s\u00fa v\u0161etko. \u010co je ove\u013ea d\u00f4le\u017eitej\u0161ie je psychick\u00e1 a fyzick\u00e1 pohoda, ktor\u00e1 sa v mnoh\u00fdch pr\u00edpadoch jednoducho vytratila. T\u00fdm \u017ee sa \u017eiaci nestret\u00e1vali s rovesn\u00edkmi, tak extr\u00e9mne st\u00fapol po\u010det det\u00ed so psychick\u00fdmi probl\u00e9mami. Ich doteraj\u0161ie aktivity boli obmedzen\u00e9 na maximum, \u010do im taktie\u017e neprispelo.Nedialo sa to ale len u det\u00ed, ale aj u star\u0161\u00edch \u0161tudentov. Vysoko\u0161kol\u00e1kom a stredo\u0161kol\u00e1kom z odborn\u00fdch \u0161k\u00f4l zasa ch\u00fdbala potrebn\u00e1 prax. Medici sa pozerali z domu na vide\u00e1, \u010do im v\u0161ak v re\u00e1lnom \u017eivote v\u00f4bec nepom\u00f4\u017ee.Jednoducho ka\u017ed\u00e9ho jedn\u00e9ho \u0161tudenta koronav\u00edrus ovplyvnil v nejakom zmysle. A teraz, skoro dva roky od vypuknutia tejto kr\u00edzy, sa ocit\u00e1me ako keby op\u00e4\u0165 na za\u010diatku. Zatv\u00e1raj\u00fa sa aj \u0161koly, aj obchody. Nikto z n\u00e1s nevie poveda\u0165, \u010do sa bude dia\u0165 \u010falej a ost\u00e1va n\u00e1m len d\u00fafa\u0165, \u017ee to nebude trva\u0165 \u010fal\u0161ie dva roky.                                                                                                                                                                                                                                                                                                                                                                                        4.1\/5 - (14 votes)        "},{"@context":"https:\/\/schema.org\/","@type":"BreadcrumbList","itemListElement":[{"@type":"ListItem","position":1,"name":"Ako koronav\u00edrus ovplyvnil vzdelanie a v\u00fdu\u010dbu?","item":"https:\/\/www.ostriez.sk\/ako-koronavirus-ovplyvnil-vzdelanie-a-vyucbu\/#breadcrumbitem"}]}]