[{"@context":"https:\/\/schema.org\/","@type":"Article","@id":"https:\/\/www.ostriez.sk\/ked-maju-spory-medzi-spolubyvajucimi-sudnu-dohru\/#Article","mainEntityOfPage":"https:\/\/www.ostriez.sk\/ked-maju-spory-medzi-spolubyvajucimi-sudnu-dohru\/","headline":"Ke\u010f maj\u00fa spory medzi spolub\u00fdvaj\u00facimi s\u00fadnu dohru","name":"Ke\u010f maj\u00fa spory medzi spolub\u00fdvaj\u00facimi s\u00fadnu dohru","description":"V mnoh\u00fdch krajin\u00e1ch sveta \u017eij\u00fa \u013eudia tak, \u017ee ob\u00fdvaj\u00fa bytov\u00e9 \u010di rodinn\u00e9 domy ako spolub\u00fdvaj\u00faci. Jedn\u00fdm z pr\u00edkladov je dvojgenera\u010dn\u00fd objekt, kde na pr\u00edzem\u00ed b\u00fdvaj\u00fa rodi\u010dia a na prvom poschod\u00ed ich deti. Po \u00famrt\u00ed rodi\u010dov sa do pr\u00edzemia m\u00f4\u017ee nas\u0165ahova\u0165 napr\u00edklad aj s\u00farodenec, ktor\u00fd predt\u00fdm b\u00fdval inde, a tak dom teraz ob\u00fdvaj\u00fa dve rodiny det\u00ed zomrel\u00fdch rodi\u010dov \u2013 ka\u017ed\u00e1 na<div class=\"clearfix\"><\/div> <div class=\"pull-left padding-top-25\"><a href=\"https:\/\/www.ostriez.sk\/ked-maju-spory-medzi-spolubyvajucimi-sudnu-dohru\/\" class=\"btn btn-theme\">Continue reading<span class=\"screen-reader-text\"> \"Ke\u010f maj\u00fa spory medzi spolub\u00fdvaj\u00facimi s\u00fadnu dohru\"<\/span> <i class=\"fa fa-fw fa-long-arrow-right\"><\/i> <\/a>  <\/div>","datePublished":"2024-03-25","dateModified":"2024-03-25","author":{"@type":"Person","@id":"https:\/\/www.ostriez.sk\/author\/#Person","name":"","url":"https:\/\/www.ostriez.sk\/author\/","identifier":1,"image":{"@type":"ImageObject","@id":"https:\/\/secure.gravatar.com\/avatar\/390ba47df5874845ef3762ac16ecd0a67f4e30c13cbb7c7ee444ade303aa885b?s=96&d=mm&r=g","url":"https:\/\/secure.gravatar.com\/avatar\/390ba47df5874845ef3762ac16ecd0a67f4e30c13cbb7c7ee444ade303aa885b?s=96&d=mm&r=g","height":96,"width":96}},"publisher":{"@type":"Organization","name":"ostriez.sk","logo":{"@type":"ImageObject","@id":"\/logo.png","url":"\/logo.png","width":600,"height":60}},"image":{"@type":"ImageObject","@id":"https:\/\/www.ostriez.sk\/wp-content\/uploads\/law-firm-8306442_640.jpg","url":"https:\/\/www.ostriez.sk\/wp-content\/uploads\/law-firm-8306442_640.jpg","height":0,"width":0},"url":"https:\/\/www.ostriez.sk\/ked-maju-spory-medzi-spolubyvajucimi-sudnu-dohru\/","wordCount":389,"articleBody":"      V mnoh\u00fdch krajin\u00e1ch sveta \u017eij\u00fa \u013eudia tak, \u017ee ob\u00fdvaj\u00fa bytov\u00e9 \u010di rodinn\u00e9 domy ako spolub\u00fdvaj\u00faci. Jedn\u00fdm z pr\u00edkladov je dvojgenera\u010dn\u00fd objekt, kde na pr\u00edzem\u00ed b\u00fdvaj\u00fa rodi\u010dia a na prvom poschod\u00ed ich deti. Po \u00famrt\u00ed rodi\u010dov sa do pr\u00edzemia m\u00f4\u017ee nas\u0165ahova\u0165 napr\u00edklad aj s\u00farodenec, ktor\u00fd predt\u00fdm b\u00fdval inde, a tak dom teraz ob\u00fdvaj\u00fa dve rodiny det\u00ed zomrel\u00fdch rodi\u010dov \u2013 ka\u017ed\u00e1 na svojom poschod\u00ed. Ak si obe rodiny rozumej\u00fa, nav\u0161tevuj\u00fa sa, pom\u00e1haj\u00fa si a spolupracuj\u00fa, a medzi\u013eudsk\u00e9 vz\u0165ahy s\u00fa na dobrej \u00farovni, potom m\u00f4\u017eeme hovori\u0165 o idylickom \u017eit\u00ed. Pokia\u013e sa v\u0161ak \u010dasom objavia nejak\u00e9 nezhody z vypo\u010d\u00edtavosti a \u010fal\u0161ie prejavy zbabelosti, a vz\u0165ahy oboch rod\u00edn sa priostria, m\u00f4\u017ee tu doch\u00e1dza\u0165 k mnoh\u00fdm nepr\u00edjemnostiam, ktor\u00e9 tu \u013eu\u010fom strp\u010duj\u00fa \u017eivot.Tak\u00e9to pr\u00edpady skuto\u010dne existuj\u00fa a aj v r\u00e1mci pr\u00edbuzenstva, kde by \u013eudia sk\u00f4r mali dr\u017ea\u0165 pohromade, sa spolu\u017eitie niekedy hrot\u00ed tak, \u017ee vy\u017eaduje pr\u00edtomnos\u0165 pr\u00e1vnika. A t\u00fdch situ\u00e1ci\u00ed, kedy si tu \u013eudia vykon\u00e1vaj\u00fa r\u00f4zne naschv\u00e1ly, m\u00f4\u017ee by\u0165 cel\u00fd rad, napr\u00edklad zatarasenie pr\u00edstupu do gar\u00e1\u017ee, otrhanie \u00farody ovocn\u00fdch stromov, ob\u0165a\u017eovanie hlukom alebo z\u00e1pachom, pre\u0165a\u017eovanie elektroin\u0161tal\u00e1cie nevhodn\u00fdmi amat\u00e9rskymi elektrick\u00fdmi rozvodmi, zakladanie skl\u00e1dok odpadu na z\u00e1hrade, b\u00faranie bez vyjadrenia statika at\u010f.Advok\u00e1tska kancel\u00e1ria v Bratislave rie\u0161i tieto spory najsk\u00f4r zmierom, sna\u017e\u00ed sa o vz\u00e1jomn\u00fa dohodu a upozorn\u00ed obe strany na to, \u010do by sa mohlo prihodi\u0165, keby muselo d\u00f4js\u0165 k s\u00fadnemu pojedn\u00e1vaniu, ktor\u00e9 sa tie\u017e m\u00f4\u017ee \u0165aha\u0165 dlh\u00e9 mesiace. Niekedy v\u0161ak \u00fastna dohoda nepom\u00e1ha, a tak treba zasiahnu\u0165 po pr\u00e1vnej str\u00e1nke, a nakoniec s\u00fad ur\u010d\u00ed pravidl\u00e1, ktor\u00e9 spolub\u00fdvaj\u00faci mus\u00ed dodr\u017eiava\u0165. Ono to ale m\u00f4\u017ee by\u0165 komplikovan\u00e9 aj v tom, \u017ee \u013eudia na dohodu a tieto pravidl\u00e1 prist\u00fapi\u0165 nechc\u00fa, a tak nezost\u00e1va ni\u010d in\u00e9, ne\u017e dom preda\u0165 a spolo\u010dn\u00e9 spolu\u017eitie opusti\u0165. Pod doh\u013eadom pr\u00e1vnika mo\u017eno potom tie\u017e rie\u0161i\u0165 predaj nehnute\u013enosti a majetkov\u00e9 vyrovnanie oboch rod\u00edn.                                                                                                                                                                                                                                                                                                                                                                                          4.4\/5 - (5 votes)        "},{"@context":"https:\/\/schema.org\/","@type":"BreadcrumbList","itemListElement":[{"@type":"ListItem","position":1,"name":"Ke\u010f maj\u00fa spory medzi spolub\u00fdvaj\u00facimi s\u00fadnu dohru","item":"https:\/\/www.ostriez.sk\/ked-maju-spory-medzi-spolubyvajucimi-sudnu-dohru\/#breadcrumbitem"}]}]